{"id":3329,"date":"2019-11-18T10:27:19","date_gmt":"2019-11-18T09:27:19","guid":{"rendered":"https:\/\/digitalyacht.fr\/blog\/?p=3329"},"modified":"2019-11-26T12:25:33","modified_gmt":"2019-11-26T11:25:33","slug":"digital-yacht-nautic-de-paris","status":"publish","type":"post","link":"https:\/\/digitalyacht.fr\/blog\/2019\/11\/digital-yacht-nautic-de-paris\/","title":{"rendered":"Digital Yacht au Nautic de Paris et pr\u00e9sentation des applications"},"content":{"rendered":"<p><img  loading=\"lazy\"  decoding=\"async\"  class=\" wp-image-3330 aligncenter pk-lazyload\"  src=\"data:image\/png;base64,iVBORw0KGgoAAAANSUhEUgAAAAEAAAABAQMAAAAl21bKAAAAA1BMVEUAAP+KeNJXAAAAAXRSTlMAQObYZgAAAAlwSFlzAAAOxAAADsQBlSsOGwAAAApJREFUCNdjYAAAAAIAAeIhvDMAAAAASUVORK5CYII=\"  alt=\"Digital Yacht au Nautic de Paris\"  width=\"797\"  height=\"418\"  data-pk-sizes=\"auto\"  data-ls-sizes=\"auto, (max-width: 797px) 100vw, 797px\"  data-pk-src=\"https:\/\/digitalyacht.fr\/blog\/wp-content\/uploads\/2019\/11\/paris_nautic_2019_fr-01.jpg\"  data-pk-srcset=\"https:\/\/digitalyacht.fr\/blog\/wp-content\/uploads\/2019\/11\/paris_nautic_2019_fr-01.jpg 1200w, https:\/\/digitalyacht.fr\/blog\/wp-content\/uploads\/2019\/11\/paris_nautic_2019_fr-01-300x158.jpg 300w, https:\/\/digitalyacht.fr\/blog\/wp-content\/uploads\/2019\/11\/paris_nautic_2019_fr-01-768x403.jpg 768w, https:\/\/digitalyacht.fr\/blog\/wp-content\/uploads\/2019\/11\/paris_nautic_2019_fr-01-1024x538.jpg 1024w, https:\/\/digitalyacht.fr\/blog\/wp-content\/uploads\/2019\/11\/paris_nautic_2019_fr-01-260x137.jpg 260w, https:\/\/digitalyacht.fr\/blog\/wp-content\/uploads\/2019\/11\/paris_nautic_2019_fr-01-50x26.jpg 50w, https:\/\/digitalyacht.fr\/blog\/wp-content\/uploads\/2019\/11\/paris_nautic_2019_fr-01-143x75.jpg 143w\" ><\/p>\n<p>&nbsp;<\/p>\n<p>Digital Yacht exposera au salon Nautic de Paris du 7 au 15 d\u00e9cembre 2019 sur le stand B32 dans le hall 2-1.<\/p>\n<p>Nous aurons le plaisir de vous introduire nos nouveaux produits\u00a0dont un tout nouveau transpondeur AIS classe B :<\/p>\n<ul>\n<li><span style=\"color: #000000;\"><strong>iAISTx<\/strong> &#8211; Transpondeur AIS Classe B \u00e0 bas co\u00fbt avec interface WiFi s\u00e9curis\u00e9, interface NMEA2000 et antenne GPS externe.<\/span><\/li>\n<li><span style=\"color: #000000;\"><strong>GPS160<\/strong> &#8211; Capteur de positionnement haute performance utilisant les syst\u00e8mes de positionnement par satellites GPS, Galileo et Glonass<\/span><\/li>\n<li><span style=\"color: #000000;\"><strong>SeacoSense<\/strong> &#8211; Notre nouvelle gamme de capteurs environnementaux faciles \u00e0 installer pour la surveillance de l&rsquo;eau de mer\u00a0 et avec une interface NMEA2000 et WiFi.<\/span><\/li>\n<li><span style=\"color: #000000;\"><strong>WL510R<\/strong> &#8211; Nouvelle version de notre antenne amplificatrice WIFi WL510 &#8211; Cette nouvelle version aura un routeur WiFi int\u00e9gr\u00e9 et un nouveau modem pour obtenir de meilleures performances.<\/span><\/li>\n<li><span style=\"color: #000000;\"><strong>CLA2000<\/strong> &#8211; Transpondeur AIS Classe A\u00a0complet pour tout type de navire que cela soit en eaux internationales ou en eaux int\u00e9rieures<\/span><\/li>\n<\/ul>\n<p>Apr\u00e8s le succ\u00e8s des pr\u00e9sentations des applications SailGrib et Weather4D l&rsquo;ann\u00e9e derni\u00e8re, nous avons d\u00e9cid\u00e9 de faire \u00e0 nouveau des pr\u00e9sentations sur notre stand. Cette ann\u00e9e, vous aurez donc l&rsquo;opportunit\u00e9 de pouvoir rencontrer et discuter avec les d\u00e9veloppeurs des applications\u00a0<a href=\"https:\/\/digitalyacht.fr\/blog\/2018\/09\/weather-4d\/\" target=\"_blank\" rel=\"noopener noreferrer\">Weather 4D<\/a>\u00a0, <a href=\"https:\/\/digitalyacht.fr\/blog\/2019\/07\/navionics-ais\/\" target=\"_blank\" rel=\"noopener noreferrer\">Navionics <\/a>et\u00a0<a href=\"https:\/\/digitalyacht.fr\/blog\/2019\/06\/sailgrib\/\" target=\"_blank\" rel=\"noopener noreferrer\">SailGrib.<\/a><\/p>\n<p>Les \u00e9diteurs de\u00a0ces applications\u00a0vont donc venir pr\u00e9senter leurs applications sur notre stand. Voici, les dates de leurs pr\u00e9sentations :<\/p>\n<p>&nbsp;<\/p>\n<table>\n<tbody>\n<tr>\n<td width=\"200\"><\/td>\n<td width=\"200\">\n<p style=\"text-align: center;\"><strong>11h<\/strong><\/p>\n<\/td>\n<td style=\"text-align: center;\" width=\"200\"><strong>16h<\/strong><\/td>\n<\/tr>\n<tr>\n<td width=\"200\">\n<p style=\"text-align: center;\"><strong>Samedi 7<\/strong><\/p>\n<\/td>\n<td style=\"text-align: center;\" width=\"200\">Navionics<\/td>\n<td width=\"200\">\n<p style=\"text-align: center;\">SailGrib<\/p>\n<\/td>\n<\/tr>\n<tr>\n<td width=\"200\">\n<p style=\"text-align: center;\"><strong>Dimanche 8<\/strong><\/p>\n<\/td>\n<td style=\"text-align: center;\" width=\"200\">Navionics<\/td>\n<td width=\"200\">\n<p style=\"text-align: center;\">Weather4D<\/p>\n<\/td>\n<\/tr>\n<tr>\n<td width=\"200\">\n<p style=\"text-align: center;\"><strong>Lundi 9<\/strong><\/p>\n<\/td>\n<td style=\"text-align: center;\" width=\"200\">Weather4D<\/td>\n<td width=\"200\">\n<p style=\"text-align: center;\">SailGrib<\/p>\n<\/td>\n<\/tr>\n<tr>\n<td width=\"200\">\n<p style=\"text-align: center;\"><strong>Mardi 10<\/strong><\/p>\n<\/td>\n<td style=\"text-align: center;\" width=\"200\">SailGrib<\/td>\n<td width=\"200\">\n<p style=\"text-align: center;\">Navionics<\/p>\n<\/td>\n<\/tr>\n<tr>\n<td width=\"200\">\n<p style=\"text-align: center;\"><strong>Mercredi 11<\/strong><\/p>\n<\/td>\n<td style=\"text-align: center;\" width=\"200\">Weather4D<\/td>\n<td width=\"200\">\n<p style=\"text-align: center;\">SailGrib<\/p>\n<\/td>\n<\/tr>\n<tr>\n<td width=\"200\">\n<p style=\"text-align: center;\"><strong>Jeudi 12<\/strong><\/p>\n<\/td>\n<td style=\"text-align: center;\" width=\"200\">SailGrib<\/td>\n<td width=\"200\">\n<p style=\"text-align: center;\">Weather4D<\/p>\n<\/td>\n<\/tr>\n<tr>\n<td style=\"text-align: center;\" width=\"200\"><strong>Vendredi 13<\/strong><\/td>\n<td style=\"text-align: center;\" width=\"200\">Navionics<\/td>\n<td width=\"200\">\n<p style=\"text-align: center;\">Weather4D<\/p>\n<\/td>\n<\/tr>\n<tr>\n<td width=\"200\">\n<p style=\"text-align: center;\"><strong>Samedi 14<\/strong><\/p>\n<\/td>\n<td style=\"text-align: center;\" width=\"200\">Weather4D<\/td>\n<td width=\"200\">\n<p style=\"text-align: center;\">Navionics<\/p>\n<\/td>\n<\/tr>\n<\/tbody>\n<\/table>\n<p>&nbsp;<\/p>\n<p>Venez donc nombreux\u00a0sur notre stand durant ces dates afin de d\u00e9couvrir en d\u00e9tail ces\u00a0trois applications de navigation\u00a0et aussi pour pouvoir poser toutes vos questions aux \u00e9diteurs de ces applis.<\/p>\n<p>En attendant, vous pouvez d\u00e9couvrir l&rsquo;application Weather 4D\u00a0<a href=\"https:\/\/digitalyacht.fr\/blog\/2018\/09\/weather-4d\/\" target=\"_blank\" rel=\"noopener noreferrer\">en cliquant ici\u00a0<\/a>, l&rsquo;application Navionics\u00a0<a href=\"https:\/\/digitalyacht.fr\/blog\/2019\/07\/navionics-ais\/\" target=\"_blank\" rel=\"noopener noreferrer\">en cliquant ici\u00a0<\/a>et l&rsquo;application SailGrib\u00a0<a href=\"https:\/\/digitalyacht.fr\/blog\/2019\/06\/sailgrib\/\" target=\"_blank\" rel=\"noopener noreferrer\">en cliquant ici.\u00a0<\/a><\/p>\n<p>Nous avons h\u00e2te de vous voir sur le stand B32 dans le hall 2-1 du 7 au 15 d\u00e9cembre 2019.<\/p>\n<p>&nbsp;<\/p>\n<p>&nbsp;<\/p>\n","protected":false},"excerpt":{"rendered":"&nbsp; Digital Yacht exposera au salon Nautic de Paris du 7 au 15 d\u00e9cembre 2019 sur le stand&hellip;\n","protected":false},"author":2,"featured_media":3330,"comment_status":"open","ping_status":"open","sticky":false,"template":"","format":"standard","meta":{"iawp_total_views":0,"csco_singular_sidebar":"","csco_page_header_type":"","csco_appearance_masonry":"","csco_page_load_nextpost":"","csco_post_subtitle":"","csco_post_video_location":[],"csco_post_video_location_hash":"","csco_post_video_url":"","csco_post_video_bg_start_time":0,"csco_post_video_bg_end_time":0,"footnotes":""},"categories":[6,2],"tags":[401,348],"class_list":{"0":"post-3329","1":"post","2":"type-post","3":"status-publish","4":"format-standard","5":"has-post-thumbnail","7":"category-actualites","8":"category-news","9":"tag-nautic-paris","10":"tag-salon-nautique","11":"cs-entry","12":"cs-video-wrap"},"yoast_head":"<!-- This site is optimized with the Yoast SEO plugin v27.3 - https:\/\/yoast.com\/product\/yoast-seo-wordpress\/ -->\n<title>Digital Yacht au Nautic de Paris - Blog de Digital Yacht<\/title>\n<meta name=\"description\" content=\"Digital Yacht exposera sur le stand B32 dans le hall 2-1 au Nautic de Paris du 7 au 15 d\u00e9cembre 2019 et exposera ces nouveaux produits.\" \/>\n<meta name=\"robots\" content=\"index, follow, max-snippet:-1, max-image-preview:large, max-video-preview:-1\" \/>\n<link rel=\"canonical\" href=\"https:\/\/digitalyacht.fr\/blog\/2019\/11\/digital-yacht-nautic-de-paris\/\" \/>\n<meta property=\"og:locale\" content=\"fr_FR\" \/>\n<meta property=\"og:type\" content=\"article\" \/>\n<meta property=\"og:title\" content=\"Digital Yacht au Nautic de Paris - Blog de Digital Yacht\" \/>\n<meta property=\"og:description\" content=\"Digital Yacht exposera sur le stand B32 dans le hall 2-1 au Nautic de Paris du 7 au 15 d\u00e9cembre 2019 et exposera ces nouveaux produits.\" \/>\n<meta property=\"og:url\" content=\"https:\/\/digitalyacht.fr\/blog\/2019\/11\/digital-yacht-nautic-de-paris\/\" \/>\n<meta property=\"og:site_name\" content=\"Digital Yacht Blog\" \/>\n<meta property=\"article:published_time\" content=\"2019-11-18T09:27:19+00:00\" \/>\n<meta property=\"article:modified_time\" content=\"2019-11-26T11:25:33+00:00\" \/>\n<meta property=\"og:image\" content=\"https:\/\/digitalyacht.fr\/blog\/wp-content\/uploads\/2019\/11\/paris_nautic_2019_fr-01.jpg\" \/>\n\t<meta property=\"og:image:width\" content=\"1200\" \/>\n\t<meta property=\"og:image:height\" content=\"630\" \/>\n\t<meta property=\"og:image:type\" content=\"image\/jpeg\" \/>\n<meta name=\"author\" content=\"digitalyacht\" \/>\n<meta name=\"twitter:card\" content=\"summary_large_image\" \/>\n<meta name=\"twitter:label1\" content=\"\u00c9crit par\" \/>\n\t<meta name=\"twitter:data1\" content=\"digitalyacht\" \/>\n\t<meta name=\"twitter:label2\" content=\"Dur\u00e9e de lecture estim\u00e9e\" \/>\n\t<meta name=\"twitter:data2\" content=\"2 minutes\" \/>\n<script type=\"application\/ld+json\" class=\"yoast-schema-graph\">{\"@context\":\"https:\\\/\\\/schema.org\",\"@graph\":[{\"@type\":\"Article\",\"@id\":\"https:\\\/\\\/digitalyacht.fr\\\/blog\\\/2019\\\/11\\\/digital-yacht-nautic-de-paris\\\/#article\",\"isPartOf\":{\"@id\":\"https:\\\/\\\/digitalyacht.fr\\\/blog\\\/2019\\\/11\\\/digital-yacht-nautic-de-paris\\\/\"},\"author\":{\"name\":\"digitalyacht\",\"@id\":\"https:\\\/\\\/digitalyacht.fr\\\/blog\\\/#\\\/schema\\\/person\\\/453ac530aaba2b3886f63ba724119147\"},\"headline\":\"Digital Yacht au Nautic de Paris et pr\u00e9sentation des applications\",\"datePublished\":\"2019-11-18T09:27:19+00:00\",\"dateModified\":\"2019-11-26T11:25:33+00:00\",\"mainEntityOfPage\":{\"@id\":\"https:\\\/\\\/digitalyacht.fr\\\/blog\\\/2019\\\/11\\\/digital-yacht-nautic-de-paris\\\/\"},\"wordCount\":360,\"commentCount\":2,\"image\":{\"@id\":\"https:\\\/\\\/digitalyacht.fr\\\/blog\\\/2019\\\/11\\\/digital-yacht-nautic-de-paris\\\/#primaryimage\"},\"thumbnailUrl\":\"https:\\\/\\\/digitalyacht.fr\\\/blog\\\/wp-content\\\/uploads\\\/2019\\\/11\\\/paris_nautic_2019_fr-01.jpg\",\"keywords\":[\"nautic paris\",\"salon nautique\"],\"articleSection\":[\"Actualit\u00e9s\",\"Articles\"],\"inLanguage\":\"fr-FR\",\"potentialAction\":[{\"@type\":\"CommentAction\",\"name\":\"Comment\",\"target\":[\"https:\\\/\\\/digitalyacht.fr\\\/blog\\\/2019\\\/11\\\/digital-yacht-nautic-de-paris\\\/#respond\"]}]},{\"@type\":\"WebPage\",\"@id\":\"https:\\\/\\\/digitalyacht.fr\\\/blog\\\/2019\\\/11\\\/digital-yacht-nautic-de-paris\\\/\",\"url\":\"https:\\\/\\\/digitalyacht.fr\\\/blog\\\/2019\\\/11\\\/digital-yacht-nautic-de-paris\\\/\",\"name\":\"Digital Yacht au Nautic de Paris - Blog de Digital Yacht\",\"isPartOf\":{\"@id\":\"https:\\\/\\\/digitalyacht.fr\\\/blog\\\/#website\"},\"primaryImageOfPage\":{\"@id\":\"https:\\\/\\\/digitalyacht.fr\\\/blog\\\/2019\\\/11\\\/digital-yacht-nautic-de-paris\\\/#primaryimage\"},\"image\":{\"@id\":\"https:\\\/\\\/digitalyacht.fr\\\/blog\\\/2019\\\/11\\\/digital-yacht-nautic-de-paris\\\/#primaryimage\"},\"thumbnailUrl\":\"https:\\\/\\\/digitalyacht.fr\\\/blog\\\/wp-content\\\/uploads\\\/2019\\\/11\\\/paris_nautic_2019_fr-01.jpg\",\"datePublished\":\"2019-11-18T09:27:19+00:00\",\"dateModified\":\"2019-11-26T11:25:33+00:00\",\"author\":{\"@id\":\"https:\\\/\\\/digitalyacht.fr\\\/blog\\\/#\\\/schema\\\/person\\\/453ac530aaba2b3886f63ba724119147\"},\"description\":\"Digital Yacht exposera sur le stand B32 dans le hall 2-1 au Nautic de Paris du 7 au 15 d\u00e9cembre 2019 et exposera ces nouveaux produits.\",\"breadcrumb\":{\"@id\":\"https:\\\/\\\/digitalyacht.fr\\\/blog\\\/2019\\\/11\\\/digital-yacht-nautic-de-paris\\\/#breadcrumb\"},\"inLanguage\":\"fr-FR\",\"potentialAction\":[{\"@type\":\"ReadAction\",\"target\":[\"https:\\\/\\\/digitalyacht.fr\\\/blog\\\/2019\\\/11\\\/digital-yacht-nautic-de-paris\\\/\"]}]},{\"@type\":\"ImageObject\",\"inLanguage\":\"fr-FR\",\"@id\":\"https:\\\/\\\/digitalyacht.fr\\\/blog\\\/2019\\\/11\\\/digital-yacht-nautic-de-paris\\\/#primaryimage\",\"url\":\"https:\\\/\\\/digitalyacht.fr\\\/blog\\\/wp-content\\\/uploads\\\/2019\\\/11\\\/paris_nautic_2019_fr-01.jpg\",\"contentUrl\":\"https:\\\/\\\/digitalyacht.fr\\\/blog\\\/wp-content\\\/uploads\\\/2019\\\/11\\\/paris_nautic_2019_fr-01.jpg\",\"width\":1200,\"height\":630,\"caption\":\"Digital Yacht au Nautic de Paris\"},{\"@type\":\"BreadcrumbList\",\"@id\":\"https:\\\/\\\/digitalyacht.fr\\\/blog\\\/2019\\\/11\\\/digital-yacht-nautic-de-paris\\\/#breadcrumb\",\"itemListElement\":[{\"@type\":\"ListItem\",\"position\":1,\"name\":\"Accueil\",\"item\":\"https:\\\/\\\/digitalyacht.fr\\\/blog\\\/\"},{\"@type\":\"ListItem\",\"position\":2,\"name\":\"Digital Yacht au Nautic de Paris et pr\u00e9sentation des applications\"}]},{\"@type\":\"WebSite\",\"@id\":\"https:\\\/\\\/digitalyacht.fr\\\/blog\\\/#website\",\"url\":\"https:\\\/\\\/digitalyacht.fr\\\/blog\\\/\",\"name\":\"Digital Yacht Blog\",\"description\":\"Produits de navigation et de communication de derni\u00e8re g\u00e9n\u00e9ration\",\"potentialAction\":[{\"@type\":\"SearchAction\",\"target\":{\"@type\":\"EntryPoint\",\"urlTemplate\":\"https:\\\/\\\/digitalyacht.fr\\\/blog\\\/?s={search_term_string}\"},\"query-input\":{\"@type\":\"PropertyValueSpecification\",\"valueRequired\":true,\"valueName\":\"search_term_string\"}}],\"inLanguage\":\"fr-FR\"},{\"@type\":\"Person\",\"@id\":\"https:\\\/\\\/digitalyacht.fr\\\/blog\\\/#\\\/schema\\\/person\\\/453ac530aaba2b3886f63ba724119147\",\"name\":\"digitalyacht\",\"image\":{\"@type\":\"ImageObject\",\"inLanguage\":\"fr-FR\",\"@id\":\"https:\\\/\\\/secure.gravatar.com\\\/avatar\\\/6c1e93bfa296da98a0af30c7858a81401ddd78ab0cf30a5f8d8ce8b97ed31bb0?s=96&d=mm&r=g\",\"url\":\"https:\\\/\\\/secure.gravatar.com\\\/avatar\\\/6c1e93bfa296da98a0af30c7858a81401ddd78ab0cf30a5f8d8ce8b97ed31bb0?s=96&d=mm&r=g\",\"contentUrl\":\"https:\\\/\\\/secure.gravatar.com\\\/avatar\\\/6c1e93bfa296da98a0af30c7858a81401ddd78ab0cf30a5f8d8ce8b97ed31bb0?s=96&d=mm&r=g\",\"caption\":\"digitalyacht\"},\"url\":\"https:\\\/\\\/digitalyacht.fr\\\/blog\\\/author\\\/digitalyacht\\\/\"}]}<\/script>\n<!-- \/ Yoast SEO plugin. -->","yoast_head_json":{"title":"Digital Yacht au Nautic de Paris - Blog de Digital Yacht","description":"Digital Yacht exposera sur le stand B32 dans le hall 2-1 au Nautic de Paris du 7 au 15 d\u00e9cembre 2019 et exposera ces nouveaux produits.","robots":{"index":"index","follow":"follow","max-snippet":"max-snippet:-1","max-image-preview":"max-image-preview:large","max-video-preview":"max-video-preview:-1"},"canonical":"https:\/\/digitalyacht.fr\/blog\/2019\/11\/digital-yacht-nautic-de-paris\/","og_locale":"fr_FR","og_type":"article","og_title":"Digital Yacht au Nautic de Paris - Blog de Digital Yacht","og_description":"Digital Yacht exposera sur le stand B32 dans le hall 2-1 au Nautic de Paris du 7 au 15 d\u00e9cembre 2019 et exposera ces nouveaux produits.","og_url":"https:\/\/digitalyacht.fr\/blog\/2019\/11\/digital-yacht-nautic-de-paris\/","og_site_name":"Digital Yacht Blog","article_published_time":"2019-11-18T09:27:19+00:00","article_modified_time":"2019-11-26T11:25:33+00:00","og_image":[{"width":1200,"height":630,"url":"https:\/\/digitalyacht.fr\/blog\/wp-content\/uploads\/2019\/11\/paris_nautic_2019_fr-01.jpg","type":"image\/jpeg"}],"author":"digitalyacht","twitter_card":"summary_large_image","twitter_misc":{"\u00c9crit par":"digitalyacht","Dur\u00e9e de lecture estim\u00e9e":"2 minutes"},"schema":{"@context":"https:\/\/schema.org","@graph":[{"@type":"Article","@id":"https:\/\/digitalyacht.fr\/blog\/2019\/11\/digital-yacht-nautic-de-paris\/#article","isPartOf":{"@id":"https:\/\/digitalyacht.fr\/blog\/2019\/11\/digital-yacht-nautic-de-paris\/"},"author":{"name":"digitalyacht","@id":"https:\/\/digitalyacht.fr\/blog\/#\/schema\/person\/453ac530aaba2b3886f63ba724119147"},"headline":"Digital Yacht au Nautic de Paris et pr\u00e9sentation des applications","datePublished":"2019-11-18T09:27:19+00:00","dateModified":"2019-11-26T11:25:33+00:00","mainEntityOfPage":{"@id":"https:\/\/digitalyacht.fr\/blog\/2019\/11\/digital-yacht-nautic-de-paris\/"},"wordCount":360,"commentCount":2,"image":{"@id":"https:\/\/digitalyacht.fr\/blog\/2019\/11\/digital-yacht-nautic-de-paris\/#primaryimage"},"thumbnailUrl":"https:\/\/digitalyacht.fr\/blog\/wp-content\/uploads\/2019\/11\/paris_nautic_2019_fr-01.jpg","keywords":["nautic paris","salon nautique"],"articleSection":["Actualit\u00e9s","Articles"],"inLanguage":"fr-FR","potentialAction":[{"@type":"CommentAction","name":"Comment","target":["https:\/\/digitalyacht.fr\/blog\/2019\/11\/digital-yacht-nautic-de-paris\/#respond"]}]},{"@type":"WebPage","@id":"https:\/\/digitalyacht.fr\/blog\/2019\/11\/digital-yacht-nautic-de-paris\/","url":"https:\/\/digitalyacht.fr\/blog\/2019\/11\/digital-yacht-nautic-de-paris\/","name":"Digital Yacht au Nautic de Paris - Blog de Digital Yacht","isPartOf":{"@id":"https:\/\/digitalyacht.fr\/blog\/#website"},"primaryImageOfPage":{"@id":"https:\/\/digitalyacht.fr\/blog\/2019\/11\/digital-yacht-nautic-de-paris\/#primaryimage"},"image":{"@id":"https:\/\/digitalyacht.fr\/blog\/2019\/11\/digital-yacht-nautic-de-paris\/#primaryimage"},"thumbnailUrl":"https:\/\/digitalyacht.fr\/blog\/wp-content\/uploads\/2019\/11\/paris_nautic_2019_fr-01.jpg","datePublished":"2019-11-18T09:27:19+00:00","dateModified":"2019-11-26T11:25:33+00:00","author":{"@id":"https:\/\/digitalyacht.fr\/blog\/#\/schema\/person\/453ac530aaba2b3886f63ba724119147"},"description":"Digital Yacht exposera sur le stand B32 dans le hall 2-1 au Nautic de Paris du 7 au 15 d\u00e9cembre 2019 et exposera ces nouveaux produits.","breadcrumb":{"@id":"https:\/\/digitalyacht.fr\/blog\/2019\/11\/digital-yacht-nautic-de-paris\/#breadcrumb"},"inLanguage":"fr-FR","potentialAction":[{"@type":"ReadAction","target":["https:\/\/digitalyacht.fr\/blog\/2019\/11\/digital-yacht-nautic-de-paris\/"]}]},{"@type":"ImageObject","inLanguage":"fr-FR","@id":"https:\/\/digitalyacht.fr\/blog\/2019\/11\/digital-yacht-nautic-de-paris\/#primaryimage","url":"https:\/\/digitalyacht.fr\/blog\/wp-content\/uploads\/2019\/11\/paris_nautic_2019_fr-01.jpg","contentUrl":"https:\/\/digitalyacht.fr\/blog\/wp-content\/uploads\/2019\/11\/paris_nautic_2019_fr-01.jpg","width":1200,"height":630,"caption":"Digital Yacht au Nautic de Paris"},{"@type":"BreadcrumbList","@id":"https:\/\/digitalyacht.fr\/blog\/2019\/11\/digital-yacht-nautic-de-paris\/#breadcrumb","itemListElement":[{"@type":"ListItem","position":1,"name":"Accueil","item":"https:\/\/digitalyacht.fr\/blog\/"},{"@type":"ListItem","position":2,"name":"Digital Yacht au Nautic de Paris et pr\u00e9sentation des applications"}]},{"@type":"WebSite","@id":"https:\/\/digitalyacht.fr\/blog\/#website","url":"https:\/\/digitalyacht.fr\/blog\/","name":"Digital Yacht Blog","description":"Produits de navigation et de communication de derni\u00e8re g\u00e9n\u00e9ration","potentialAction":[{"@type":"SearchAction","target":{"@type":"EntryPoint","urlTemplate":"https:\/\/digitalyacht.fr\/blog\/?s={search_term_string}"},"query-input":{"@type":"PropertyValueSpecification","valueRequired":true,"valueName":"search_term_string"}}],"inLanguage":"fr-FR"},{"@type":"Person","@id":"https:\/\/digitalyacht.fr\/blog\/#\/schema\/person\/453ac530aaba2b3886f63ba724119147","name":"digitalyacht","image":{"@type":"ImageObject","inLanguage":"fr-FR","@id":"https:\/\/secure.gravatar.com\/avatar\/6c1e93bfa296da98a0af30c7858a81401ddd78ab0cf30a5f8d8ce8b97ed31bb0?s=96&d=mm&r=g","url":"https:\/\/secure.gravatar.com\/avatar\/6c1e93bfa296da98a0af30c7858a81401ddd78ab0cf30a5f8d8ce8b97ed31bb0?s=96&d=mm&r=g","contentUrl":"https:\/\/secure.gravatar.com\/avatar\/6c1e93bfa296da98a0af30c7858a81401ddd78ab0cf30a5f8d8ce8b97ed31bb0?s=96&d=mm&r=g","caption":"digitalyacht"},"url":"https:\/\/digitalyacht.fr\/blog\/author\/digitalyacht\/"}]}},"_links":{"self":[{"href":"https:\/\/digitalyacht.fr\/blog\/wp-json\/wp\/v2\/posts\/3329","targetHints":{"allow":["GET"]}}],"collection":[{"href":"https:\/\/digitalyacht.fr\/blog\/wp-json\/wp\/v2\/posts"}],"about":[{"href":"https:\/\/digitalyacht.fr\/blog\/wp-json\/wp\/v2\/types\/post"}],"author":[{"embeddable":true,"href":"https:\/\/digitalyacht.fr\/blog\/wp-json\/wp\/v2\/users\/2"}],"replies":[{"embeddable":true,"href":"https:\/\/digitalyacht.fr\/blog\/wp-json\/wp\/v2\/comments?post=3329"}],"version-history":[{"count":11,"href":"https:\/\/digitalyacht.fr\/blog\/wp-json\/wp\/v2\/posts\/3329\/revisions"}],"predecessor-version":[{"id":3350,"href":"https:\/\/digitalyacht.fr\/blog\/wp-json\/wp\/v2\/posts\/3329\/revisions\/3350"}],"wp:featuredmedia":[{"embeddable":true,"href":"https:\/\/digitalyacht.fr\/blog\/wp-json\/wp\/v2\/media\/3330"}],"wp:attachment":[{"href":"https:\/\/digitalyacht.fr\/blog\/wp-json\/wp\/v2\/media?parent=3329"}],"wp:term":[{"taxonomy":"category","embeddable":true,"href":"https:\/\/digitalyacht.fr\/blog\/wp-json\/wp\/v2\/categories?post=3329"},{"taxonomy":"post_tag","embeddable":true,"href":"https:\/\/digitalyacht.fr\/blog\/wp-json\/wp\/v2\/tags?post=3329"}],"curies":[{"name":"wp","href":"https:\/\/api.w.org\/{rel}","templated":true}]}}