{"id":11015,"date":"2023-01-16T17:00:10","date_gmt":"2023-01-16T16:00:10","guid":{"rendered":"https:\/\/digitalyacht.fr\/blog\/?p=11015"},"modified":"2023-01-16T16:54:06","modified_gmt":"2023-01-16T15:54:06","slug":"digital-yacht-au-boot-de-dusseldorf","status":"publish","type":"post","link":"https:\/\/digitalyacht.fr\/blog\/2023\/01\/digital-yacht-au-boot-de-dusseldorf\/","title":{"rendered":"Digital Yacht au Boot de D\u00fcsseldorf\u00a02023"},"content":{"rendered":"<h1><img  loading=\"lazy\"  decoding=\"async\"  class=\"size-large wp-image-11022 aligncenter pk-lazyload\"  src=\"data:image\/png;base64,iVBORw0KGgoAAAANSUhEUgAAAAEAAAABAQMAAAAl21bKAAAAA1BMVEUAAP+KeNJXAAAAAXRSTlMAQObYZgAAAAlwSFlzAAAOxAAADsQBlSsOGwAAAApJREFUCNdjYAAAAAIAAeIhvDMAAAAASUVORK5CYII=\"  alt=\"\"  width=\"1024\"  height=\"576\"  data-pk-sizes=\"auto\"  data-ls-sizes=\"auto, (max-width: 1024px) 100vw, 1024px\"  data-pk-src=\"https:\/\/digitalyacht.fr\/blog\/wp-content\/uploads\/2023\/01\/Banniere-VF-Dusseldorf-1024x576.png\"  data-pk-srcset=\"https:\/\/digitalyacht.fr\/blog\/wp-content\/uploads\/2023\/01\/Banniere-VF-Dusseldorf-1024x576.png 1024w, https:\/\/digitalyacht.fr\/blog\/wp-content\/uploads\/2023\/01\/Banniere-VF-Dusseldorf-300x169.png 300w, https:\/\/digitalyacht.fr\/blog\/wp-content\/uploads\/2023\/01\/Banniere-VF-Dusseldorf-768x432.png 768w, https:\/\/digitalyacht.fr\/blog\/wp-content\/uploads\/2023\/01\/Banniere-VF-Dusseldorf-1536x864.png 1536w, https:\/\/digitalyacht.fr\/blog\/wp-content\/uploads\/2023\/01\/Banniere-VF-Dusseldorf-260x146.png 260w, https:\/\/digitalyacht.fr\/blog\/wp-content\/uploads\/2023\/01\/Banniere-VF-Dusseldorf-50x28.png 50w, https:\/\/digitalyacht.fr\/blog\/wp-content\/uploads\/2023\/01\/Banniere-VF-Dusseldorf-133x75.png 133w, https:\/\/digitalyacht.fr\/blog\/wp-content\/uploads\/2023\/01\/Banniere-VF-Dusseldorf.png 1920w\" ><\/h1>\n<h4><\/h4>\n<p><span style=\"font-weight: 400;\">Tout d\u2019abord toute <strong>notre \u00e9quipe tient \u00e0 vous souhaiter une excellente ann\u00e9e 2023 !<\/strong><\/span><\/p>\n<p><span style=\"font-weight: 400;\">Pour bien d\u00e9marrer l\u2019ann\u00e9e, vous pourrez retrouver <\/span><b>Digital Yacht sur le stand D07 du Hall 10 au salon du Boot D\u00fcsseldorf 2023<\/b><span style=\"font-weight: 400;\">.\u00a0<\/span><\/p>\n<p><span style=\"font-weight: 400;\">Annul\u00e9 \u00e0 deux reprises les ann\u00e9es pr\u00e9c\u00e9dentes, le Boot est un salon incontournable du secteur maritime. Il sera l\u2019occasion de d\u00e9couvrir nos derni\u00e8res innovations en \u00e9lectronique marine et notamment nos nouveaux produits. <strong>Celui-ci se tiendra du 21 au 29 janvier au parc des expositions de D\u00fcsseldorf.<\/strong><\/span><\/p>\n<p>&nbsp;<\/p>\n<h2><span style=\"font-weight: 400;\">Les nouveaut\u00e9s \u00e0 d\u00e9couvrir sur place\u00a0<\/span><\/h2>\n<ul>\n<li style=\"font-weight: 400;\" aria-level=\"1\"><b><a href=\"https:\/\/digitalyacht.fr\/produit\/navalert\/\" target=\"_blank\" rel=\"noopener\">NavAlert<\/a> <\/b><span style=\"font-weight: 400;\">: Syst\u00e8me d\u2019alarmes et de surveillance pour tout r\u00e9seau NMEA 2000<\/span><\/li>\n<li style=\"font-weight: 400;\" aria-level=\"1\"><b>5G Xtream<\/b><span style=\"font-weight: 400;\"> : Notre nouvelle solution pour obtenir un acc\u00e8s internet fiable et rapide \u00e0 bord. Comme son nom l&rsquo;indique, le 5GXtream est compatible avec la nouvelle technologie 5G ; il vient accompagn\u00e9 de 4 antennes fournissant ainsi une connexion rapide et de qualit\u00e9.<\/span><\/li>\n<li style=\"font-weight: 400;\" aria-level=\"1\"><b>EngineLink<\/b><span style=\"font-weight: 400;\"> : L\u2019EngineLink est un serveur NMEA 2000 Wifi con\u00e7u pour diffuser les donn\u00e9es de navigation NMEA 2000 vers les applications et logiciels sur smartphones, tablettes, iPad et PC. Le petit plus ? Il permettra un affichage facile de n\u2019importe quelle donn\u00e9e moteur avec interface NMEA 2000 au travers de son interface web.\u00a0<\/span><\/li>\n<li style=\"font-weight: 400;\" aria-level=\"1\"><b>iSeaSense<\/b><span style=\"font-weight: 400;\"> &#8211;\u00a0 Solution d&rsquo;instruments \u00e0 bord avec sonde de profondeur, vent, gps, interface wifi, l\u2019iSeaSense permet un affichage des donn\u00e9es des instruments int\u00e9gr\u00e9e au serveur WiFi.<\/span><\/li>\n<\/ul>\n<p>&nbsp;<\/p>\n<p><b>Infos pratiques<\/b><\/p>\n<p><span style=\"font-weight: 400;\">Pour nous retrouver facilement au boot, vous pouvez consulter la <\/span><b>carte interactive<\/b><span style=\"font-weight: 400;\"> du salon <\/span><a href=\"https:\/\/www.boot.com\/floorplan?oid=58804&amp;lang=2&amp;ticket=58024822686558&amp;action=showExhibitor&amp;actionItem=2721595&amp;_event=boot2023\"><span style=\"font-weight: 400;\">en cliquant ici.\u00a0<\/span><\/a><\/p>\n<ul>\n<li><b>Nous rencontrer<\/b><span style=\"font-weight: 400;\"> : Hall 10, stand D07<\/span><\/li>\n<li><b>Lieu <\/b><span style=\"font-weight: 400;\">: Le parc des expositions de D\u00fcsseldorf\u00a0<\/span><\/li>\n<li><b>Dates<\/b><span style=\"font-weight: 400;\"> : Du 21 au 29 janvier 2023, de 10h \u00e0 18h<\/span><\/li>\n<\/ul>\n<p>&nbsp;<\/p>\n","protected":false},"excerpt":{"rendered":"Tout d\u2019abord toute notre \u00e9quipe tient \u00e0 vous souhaiter une excellente ann\u00e9e 2023 ! Pour bien d\u00e9marrer l\u2019ann\u00e9e,&hellip;\n","protected":false},"author":2,"featured_media":11022,"comment_status":"open","ping_status":"open","sticky":false,"template":"","format":"standard","meta":{"iawp_total_views":0,"csco_singular_sidebar":"","csco_page_header_type":"","csco_appearance_masonry":"","csco_page_load_nextpost":"","csco_post_subtitle":"","csco_post_video_location":[],"csco_post_video_location_hash":"","csco_post_video_url":"","csco_post_video_bg_start_time":0,"csco_post_video_bg_end_time":0,"footnotes":""},"categories":[6],"tags":[366,403,325,348],"class_list":{"0":"post-11015","1":"post","2":"type-post","3":"status-publish","4":"format-standard","5":"has-post-thumbnail","7":"category-actualites","8":"tag-boot","9":"tag-boot-de-dusseldorf","10":"tag-salon","11":"tag-salon-nautique","12":"cs-entry","13":"cs-video-wrap"},"yoast_head":"<!-- This site is optimized with the Yoast SEO plugin v27.3 - https:\/\/yoast.com\/product\/yoast-seo-wordpress\/ -->\n<title>Digital Yacht au Boot de D\u00fcsseldorf\u00a02023 - Digital Yacht Blog<\/title>\n<meta name=\"description\" content=\"Pour bien d\u00e9marrer l\u2019ann\u00e9e, vous pourrez retrouver Digital Yacht sur le stand D07 du Hall 10 au salon du Boot D\u00fcsseldorf.\u00a0\u00c0 tr\u00e8s vite !\" \/>\n<meta name=\"robots\" content=\"index, follow, max-snippet:-1, max-image-preview:large, max-video-preview:-1\" \/>\n<link rel=\"canonical\" href=\"https:\/\/digitalyacht.fr\/blog\/2023\/01\/digital-yacht-au-boot-de-dusseldorf\/\" \/>\n<meta property=\"og:locale\" content=\"fr_FR\" \/>\n<meta property=\"og:type\" content=\"article\" \/>\n<meta property=\"og:title\" content=\"Digital Yacht au Boot de D\u00fcsseldorf\u00a02023 - Digital Yacht Blog\" \/>\n<meta property=\"og:description\" content=\"Pour bien d\u00e9marrer l\u2019ann\u00e9e, vous pourrez retrouver Digital Yacht sur le stand D07 du Hall 10 au salon du Boot D\u00fcsseldorf.\u00a0\u00c0 tr\u00e8s vite !\" \/>\n<meta property=\"og:url\" content=\"https:\/\/digitalyacht.fr\/blog\/2023\/01\/digital-yacht-au-boot-de-dusseldorf\/\" \/>\n<meta property=\"og:site_name\" content=\"Digital Yacht Blog\" \/>\n<meta property=\"article:published_time\" content=\"2023-01-16T16:00:10+00:00\" \/>\n<meta property=\"og:image\" content=\"https:\/\/digitalyacht.fr\/blog\/wp-content\/uploads\/2023\/01\/Banniere-VF-Dusseldorf.png\" \/>\n\t<meta property=\"og:image:width\" content=\"1920\" \/>\n\t<meta property=\"og:image:height\" content=\"1080\" \/>\n\t<meta property=\"og:image:type\" content=\"image\/png\" \/>\n<meta name=\"author\" content=\"digitalyacht\" \/>\n<meta name=\"twitter:card\" content=\"summary_large_image\" \/>\n<meta name=\"twitter:label1\" content=\"\u00c9crit par\" \/>\n\t<meta name=\"twitter:data1\" content=\"digitalyacht\" \/>\n\t<meta name=\"twitter:label2\" content=\"Dur\u00e9e de lecture estim\u00e9e\" \/>\n\t<meta name=\"twitter:data2\" content=\"1 minute\" \/>\n<script type=\"application\/ld+json\" class=\"yoast-schema-graph\">{\"@context\":\"https:\\\/\\\/schema.org\",\"@graph\":[{\"@type\":\"Article\",\"@id\":\"https:\\\/\\\/digitalyacht.fr\\\/blog\\\/2023\\\/01\\\/digital-yacht-au-boot-de-dusseldorf\\\/#article\",\"isPartOf\":{\"@id\":\"https:\\\/\\\/digitalyacht.fr\\\/blog\\\/2023\\\/01\\\/digital-yacht-au-boot-de-dusseldorf\\\/\"},\"author\":{\"name\":\"digitalyacht\",\"@id\":\"https:\\\/\\\/digitalyacht.fr\\\/blog\\\/#\\\/schema\\\/person\\\/453ac530aaba2b3886f63ba724119147\"},\"headline\":\"Digital Yacht au Boot de D\u00fcsseldorf\u00a02023\",\"datePublished\":\"2023-01-16T16:00:10+00:00\",\"mainEntityOfPage\":{\"@id\":\"https:\\\/\\\/digitalyacht.fr\\\/blog\\\/2023\\\/01\\\/digital-yacht-au-boot-de-dusseldorf\\\/\"},\"wordCount\":281,\"commentCount\":0,\"image\":{\"@id\":\"https:\\\/\\\/digitalyacht.fr\\\/blog\\\/2023\\\/01\\\/digital-yacht-au-boot-de-dusseldorf\\\/#primaryimage\"},\"thumbnailUrl\":\"https:\\\/\\\/digitalyacht.fr\\\/blog\\\/wp-content\\\/uploads\\\/2023\\\/01\\\/Banniere-VF-Dusseldorf.png\",\"keywords\":[\"boot\",\"Boot de Dusseldorf\",\"salon\",\"salon nautique\"],\"articleSection\":[\"Actualit\u00e9s\"],\"inLanguage\":\"fr-FR\",\"potentialAction\":[{\"@type\":\"CommentAction\",\"name\":\"Comment\",\"target\":[\"https:\\\/\\\/digitalyacht.fr\\\/blog\\\/2023\\\/01\\\/digital-yacht-au-boot-de-dusseldorf\\\/#respond\"]}]},{\"@type\":\"WebPage\",\"@id\":\"https:\\\/\\\/digitalyacht.fr\\\/blog\\\/2023\\\/01\\\/digital-yacht-au-boot-de-dusseldorf\\\/\",\"url\":\"https:\\\/\\\/digitalyacht.fr\\\/blog\\\/2023\\\/01\\\/digital-yacht-au-boot-de-dusseldorf\\\/\",\"name\":\"Digital Yacht au Boot de D\u00fcsseldorf\u00a02023 - Digital Yacht Blog\",\"isPartOf\":{\"@id\":\"https:\\\/\\\/digitalyacht.fr\\\/blog\\\/#website\"},\"primaryImageOfPage\":{\"@id\":\"https:\\\/\\\/digitalyacht.fr\\\/blog\\\/2023\\\/01\\\/digital-yacht-au-boot-de-dusseldorf\\\/#primaryimage\"},\"image\":{\"@id\":\"https:\\\/\\\/digitalyacht.fr\\\/blog\\\/2023\\\/01\\\/digital-yacht-au-boot-de-dusseldorf\\\/#primaryimage\"},\"thumbnailUrl\":\"https:\\\/\\\/digitalyacht.fr\\\/blog\\\/wp-content\\\/uploads\\\/2023\\\/01\\\/Banniere-VF-Dusseldorf.png\",\"datePublished\":\"2023-01-16T16:00:10+00:00\",\"author\":{\"@id\":\"https:\\\/\\\/digitalyacht.fr\\\/blog\\\/#\\\/schema\\\/person\\\/453ac530aaba2b3886f63ba724119147\"},\"description\":\"Pour bien d\u00e9marrer l\u2019ann\u00e9e, vous pourrez retrouver Digital Yacht sur le stand D07 du Hall 10 au salon du Boot D\u00fcsseldorf.\u00a0\u00c0 tr\u00e8s vite !\",\"breadcrumb\":{\"@id\":\"https:\\\/\\\/digitalyacht.fr\\\/blog\\\/2023\\\/01\\\/digital-yacht-au-boot-de-dusseldorf\\\/#breadcrumb\"},\"inLanguage\":\"fr-FR\",\"potentialAction\":[{\"@type\":\"ReadAction\",\"target\":[\"https:\\\/\\\/digitalyacht.fr\\\/blog\\\/2023\\\/01\\\/digital-yacht-au-boot-de-dusseldorf\\\/\"]}]},{\"@type\":\"ImageObject\",\"inLanguage\":\"fr-FR\",\"@id\":\"https:\\\/\\\/digitalyacht.fr\\\/blog\\\/2023\\\/01\\\/digital-yacht-au-boot-de-dusseldorf\\\/#primaryimage\",\"url\":\"https:\\\/\\\/digitalyacht.fr\\\/blog\\\/wp-content\\\/uploads\\\/2023\\\/01\\\/Banniere-VF-Dusseldorf.png\",\"contentUrl\":\"https:\\\/\\\/digitalyacht.fr\\\/blog\\\/wp-content\\\/uploads\\\/2023\\\/01\\\/Banniere-VF-Dusseldorf.png\",\"width\":1920,\"height\":1080},{\"@type\":\"BreadcrumbList\",\"@id\":\"https:\\\/\\\/digitalyacht.fr\\\/blog\\\/2023\\\/01\\\/digital-yacht-au-boot-de-dusseldorf\\\/#breadcrumb\",\"itemListElement\":[{\"@type\":\"ListItem\",\"position\":1,\"name\":\"Accueil\",\"item\":\"https:\\\/\\\/digitalyacht.fr\\\/blog\\\/\"},{\"@type\":\"ListItem\",\"position\":2,\"name\":\"Digital Yacht au Boot de D\u00fcsseldorf\u00a02023\"}]},{\"@type\":\"WebSite\",\"@id\":\"https:\\\/\\\/digitalyacht.fr\\\/blog\\\/#website\",\"url\":\"https:\\\/\\\/digitalyacht.fr\\\/blog\\\/\",\"name\":\"Digital Yacht Blog\",\"description\":\"Produits de navigation et de communication de derni\u00e8re g\u00e9n\u00e9ration\",\"potentialAction\":[{\"@type\":\"SearchAction\",\"target\":{\"@type\":\"EntryPoint\",\"urlTemplate\":\"https:\\\/\\\/digitalyacht.fr\\\/blog\\\/?s={search_term_string}\"},\"query-input\":{\"@type\":\"PropertyValueSpecification\",\"valueRequired\":true,\"valueName\":\"search_term_string\"}}],\"inLanguage\":\"fr-FR\"},{\"@type\":\"Person\",\"@id\":\"https:\\\/\\\/digitalyacht.fr\\\/blog\\\/#\\\/schema\\\/person\\\/453ac530aaba2b3886f63ba724119147\",\"name\":\"digitalyacht\",\"image\":{\"@type\":\"ImageObject\",\"inLanguage\":\"fr-FR\",\"@id\":\"https:\\\/\\\/secure.gravatar.com\\\/avatar\\\/6c1e93bfa296da98a0af30c7858a81401ddd78ab0cf30a5f8d8ce8b97ed31bb0?s=96&d=mm&r=g\",\"url\":\"https:\\\/\\\/secure.gravatar.com\\\/avatar\\\/6c1e93bfa296da98a0af30c7858a81401ddd78ab0cf30a5f8d8ce8b97ed31bb0?s=96&d=mm&r=g\",\"contentUrl\":\"https:\\\/\\\/secure.gravatar.com\\\/avatar\\\/6c1e93bfa296da98a0af30c7858a81401ddd78ab0cf30a5f8d8ce8b97ed31bb0?s=96&d=mm&r=g\",\"caption\":\"digitalyacht\"},\"url\":\"https:\\\/\\\/digitalyacht.fr\\\/blog\\\/author\\\/digitalyacht\\\/\"}]}<\/script>\n<!-- \/ Yoast SEO plugin. -->","yoast_head_json":{"title":"Digital Yacht au Boot de D\u00fcsseldorf\u00a02023 - Digital Yacht Blog","description":"Pour bien d\u00e9marrer l\u2019ann\u00e9e, vous pourrez retrouver Digital Yacht sur le stand D07 du Hall 10 au salon du Boot D\u00fcsseldorf.\u00a0\u00c0 tr\u00e8s vite !","robots":{"index":"index","follow":"follow","max-snippet":"max-snippet:-1","max-image-preview":"max-image-preview:large","max-video-preview":"max-video-preview:-1"},"canonical":"https:\/\/digitalyacht.fr\/blog\/2023\/01\/digital-yacht-au-boot-de-dusseldorf\/","og_locale":"fr_FR","og_type":"article","og_title":"Digital Yacht au Boot de D\u00fcsseldorf\u00a02023 - Digital Yacht Blog","og_description":"Pour bien d\u00e9marrer l\u2019ann\u00e9e, vous pourrez retrouver Digital Yacht sur le stand D07 du Hall 10 au salon du Boot D\u00fcsseldorf.\u00a0\u00c0 tr\u00e8s vite !","og_url":"https:\/\/digitalyacht.fr\/blog\/2023\/01\/digital-yacht-au-boot-de-dusseldorf\/","og_site_name":"Digital Yacht Blog","article_published_time":"2023-01-16T16:00:10+00:00","og_image":[{"width":1920,"height":1080,"url":"https:\/\/digitalyacht.fr\/blog\/wp-content\/uploads\/2023\/01\/Banniere-VF-Dusseldorf.png","type":"image\/png"}],"author":"digitalyacht","twitter_card":"summary_large_image","twitter_misc":{"\u00c9crit par":"digitalyacht","Dur\u00e9e de lecture estim\u00e9e":"1 minute"},"schema":{"@context":"https:\/\/schema.org","@graph":[{"@type":"Article","@id":"https:\/\/digitalyacht.fr\/blog\/2023\/01\/digital-yacht-au-boot-de-dusseldorf\/#article","isPartOf":{"@id":"https:\/\/digitalyacht.fr\/blog\/2023\/01\/digital-yacht-au-boot-de-dusseldorf\/"},"author":{"name":"digitalyacht","@id":"https:\/\/digitalyacht.fr\/blog\/#\/schema\/person\/453ac530aaba2b3886f63ba724119147"},"headline":"Digital Yacht au Boot de D\u00fcsseldorf\u00a02023","datePublished":"2023-01-16T16:00:10+00:00","mainEntityOfPage":{"@id":"https:\/\/digitalyacht.fr\/blog\/2023\/01\/digital-yacht-au-boot-de-dusseldorf\/"},"wordCount":281,"commentCount":0,"image":{"@id":"https:\/\/digitalyacht.fr\/blog\/2023\/01\/digital-yacht-au-boot-de-dusseldorf\/#primaryimage"},"thumbnailUrl":"https:\/\/digitalyacht.fr\/blog\/wp-content\/uploads\/2023\/01\/Banniere-VF-Dusseldorf.png","keywords":["boot","Boot de Dusseldorf","salon","salon nautique"],"articleSection":["Actualit\u00e9s"],"inLanguage":"fr-FR","potentialAction":[{"@type":"CommentAction","name":"Comment","target":["https:\/\/digitalyacht.fr\/blog\/2023\/01\/digital-yacht-au-boot-de-dusseldorf\/#respond"]}]},{"@type":"WebPage","@id":"https:\/\/digitalyacht.fr\/blog\/2023\/01\/digital-yacht-au-boot-de-dusseldorf\/","url":"https:\/\/digitalyacht.fr\/blog\/2023\/01\/digital-yacht-au-boot-de-dusseldorf\/","name":"Digital Yacht au Boot de D\u00fcsseldorf\u00a02023 - Digital Yacht Blog","isPartOf":{"@id":"https:\/\/digitalyacht.fr\/blog\/#website"},"primaryImageOfPage":{"@id":"https:\/\/digitalyacht.fr\/blog\/2023\/01\/digital-yacht-au-boot-de-dusseldorf\/#primaryimage"},"image":{"@id":"https:\/\/digitalyacht.fr\/blog\/2023\/01\/digital-yacht-au-boot-de-dusseldorf\/#primaryimage"},"thumbnailUrl":"https:\/\/digitalyacht.fr\/blog\/wp-content\/uploads\/2023\/01\/Banniere-VF-Dusseldorf.png","datePublished":"2023-01-16T16:00:10+00:00","author":{"@id":"https:\/\/digitalyacht.fr\/blog\/#\/schema\/person\/453ac530aaba2b3886f63ba724119147"},"description":"Pour bien d\u00e9marrer l\u2019ann\u00e9e, vous pourrez retrouver Digital Yacht sur le stand D07 du Hall 10 au salon du Boot D\u00fcsseldorf.\u00a0\u00c0 tr\u00e8s vite !","breadcrumb":{"@id":"https:\/\/digitalyacht.fr\/blog\/2023\/01\/digital-yacht-au-boot-de-dusseldorf\/#breadcrumb"},"inLanguage":"fr-FR","potentialAction":[{"@type":"ReadAction","target":["https:\/\/digitalyacht.fr\/blog\/2023\/01\/digital-yacht-au-boot-de-dusseldorf\/"]}]},{"@type":"ImageObject","inLanguage":"fr-FR","@id":"https:\/\/digitalyacht.fr\/blog\/2023\/01\/digital-yacht-au-boot-de-dusseldorf\/#primaryimage","url":"https:\/\/digitalyacht.fr\/blog\/wp-content\/uploads\/2023\/01\/Banniere-VF-Dusseldorf.png","contentUrl":"https:\/\/digitalyacht.fr\/blog\/wp-content\/uploads\/2023\/01\/Banniere-VF-Dusseldorf.png","width":1920,"height":1080},{"@type":"BreadcrumbList","@id":"https:\/\/digitalyacht.fr\/blog\/2023\/01\/digital-yacht-au-boot-de-dusseldorf\/#breadcrumb","itemListElement":[{"@type":"ListItem","position":1,"name":"Accueil","item":"https:\/\/digitalyacht.fr\/blog\/"},{"@type":"ListItem","position":2,"name":"Digital Yacht au Boot de D\u00fcsseldorf\u00a02023"}]},{"@type":"WebSite","@id":"https:\/\/digitalyacht.fr\/blog\/#website","url":"https:\/\/digitalyacht.fr\/blog\/","name":"Digital Yacht Blog","description":"Produits de navigation et de communication de derni\u00e8re g\u00e9n\u00e9ration","potentialAction":[{"@type":"SearchAction","target":{"@type":"EntryPoint","urlTemplate":"https:\/\/digitalyacht.fr\/blog\/?s={search_term_string}"},"query-input":{"@type":"PropertyValueSpecification","valueRequired":true,"valueName":"search_term_string"}}],"inLanguage":"fr-FR"},{"@type":"Person","@id":"https:\/\/digitalyacht.fr\/blog\/#\/schema\/person\/453ac530aaba2b3886f63ba724119147","name":"digitalyacht","image":{"@type":"ImageObject","inLanguage":"fr-FR","@id":"https:\/\/secure.gravatar.com\/avatar\/6c1e93bfa296da98a0af30c7858a81401ddd78ab0cf30a5f8d8ce8b97ed31bb0?s=96&d=mm&r=g","url":"https:\/\/secure.gravatar.com\/avatar\/6c1e93bfa296da98a0af30c7858a81401ddd78ab0cf30a5f8d8ce8b97ed31bb0?s=96&d=mm&r=g","contentUrl":"https:\/\/secure.gravatar.com\/avatar\/6c1e93bfa296da98a0af30c7858a81401ddd78ab0cf30a5f8d8ce8b97ed31bb0?s=96&d=mm&r=g","caption":"digitalyacht"},"url":"https:\/\/digitalyacht.fr\/blog\/author\/digitalyacht\/"}]}},"_links":{"self":[{"href":"https:\/\/digitalyacht.fr\/blog\/wp-json\/wp\/v2\/posts\/11015","targetHints":{"allow":["GET"]}}],"collection":[{"href":"https:\/\/digitalyacht.fr\/blog\/wp-json\/wp\/v2\/posts"}],"about":[{"href":"https:\/\/digitalyacht.fr\/blog\/wp-json\/wp\/v2\/types\/post"}],"author":[{"embeddable":true,"href":"https:\/\/digitalyacht.fr\/blog\/wp-json\/wp\/v2\/users\/2"}],"replies":[{"embeddable":true,"href":"https:\/\/digitalyacht.fr\/blog\/wp-json\/wp\/v2\/comments?post=11015"}],"version-history":[{"count":7,"href":"https:\/\/digitalyacht.fr\/blog\/wp-json\/wp\/v2\/posts\/11015\/revisions"}],"predecessor-version":[{"id":11024,"href":"https:\/\/digitalyacht.fr\/blog\/wp-json\/wp\/v2\/posts\/11015\/revisions\/11024"}],"wp:featuredmedia":[{"embeddable":true,"href":"https:\/\/digitalyacht.fr\/blog\/wp-json\/wp\/v2\/media\/11022"}],"wp:attachment":[{"href":"https:\/\/digitalyacht.fr\/blog\/wp-json\/wp\/v2\/media?parent=11015"}],"wp:term":[{"taxonomy":"category","embeddable":true,"href":"https:\/\/digitalyacht.fr\/blog\/wp-json\/wp\/v2\/categories?post=11015"},{"taxonomy":"post_tag","embeddable":true,"href":"https:\/\/digitalyacht.fr\/blog\/wp-json\/wp\/v2\/tags?post=11015"}],"curies":[{"name":"wp","href":"https:\/\/api.w.org\/{rel}","templated":true}]}}